{"id":952,"date":"2026-08-31T18:59:45","date_gmt":"2026-08-31T18:59:45","guid":{"rendered":"https:\/\/archivosociologiacritica.org\/?p=952"},"modified":"2026-08-31T18:59:45","modified_gmt":"2026-08-31T18:59:45","slug":"notas-sobre-el-equipo-comunicacion-1969-1979","status":"publish","type":"post","link":"https:\/\/archivosociologiacritica.org\/index.php\/2026\/08\/31\/notas-sobre-el-equipo-comunicacion-1969-1979\/","title":{"rendered":"Notas sobre el Equipo Comunicaci\u00f3n (1969-1979)"},"content":{"rendered":"\n<p class=\"has-text-align-right wp-block-paragraph\"><strong>In\u00e9s Molina y Juan Albarr\u00e1n<\/strong><\/p>\n\n\n\n<p class=\"wp-block-paragraph\"><br>En 2024 iniciamos un proyecto de investigaci\u00f3n que convocaba la experiencia de Equipo Comunicaci\u00f3n (1969-1979) desde sus publicaciones, sus ideas y sus pr\u00e1cticas. All\u00ed articulamos un grupo de trabajo internacional, una exposici\u00f3n, una web y un libro colectivo que situaba al colectivo dentro de un amplio mapa hist\u00f3rico, hilando la coyuntura tardo y postfranquista con el contexto de una izquierda transnacional cr\u00edtica con las industrias culturales, las sociedades de consumo, as\u00ed como con la deriva del socialismo real.&nbsp;<\/p>\n\n\n\n<p class=\"wp-block-paragraph\">Equipo Comunicaci\u00f3n (1969-1979) debe estudiarse como algo m\u00e1s que un proyecto editorial. Este fue un colectivo intelectual que, durante el \u00faltimo franquismo y la transici\u00f3n, trat\u00f3 de intervenir en los debates pol\u00edticos y culturales a trav\u00e9s de la producci\u00f3n de textos colectivos y de la puesta en circulaci\u00f3n de materiales in\u00e9ditos en nuestro contexto. El grupo estuvo formado, inicialmente, por Alberto Coraz\u00f3n (artista y dise\u00f1ador, responsable de la editorial hom\u00f3nima en la que se integraban las cuatro colecciones de Comunicaci\u00f3n), Valeriano Bozal (fil\u00f3sofo e historiador del arte), Miguel Garc\u00eda S\u00e1nchez (editor y distribuidor, vinculado a la hist\u00f3rica librer\u00eda Visor), y los hermanos Juan Antonio y Alberto M\u00e9ndez. Los cinco hab\u00edan coincidido en el entorno de la editorial Ciencia Nueva (1965-1970), vinculada al Partido Comunista de Espa\u00f1a. La composici\u00f3n de Equipo Comunicaci\u00f3n fue transform\u00e1ndose con el tiempo, y en \u00e9l colaboraron Jos\u00e9 Luis Acero, Miguel Bilbat\u00faa, Herminia Bevia, Carlos Piera, Leopoldo Lovelace o Ludolfo Paramio, entre otros.&nbsp;&nbsp;<\/p>\n\n\n\n<p class=\"wp-block-paragraph\">Los intereses del colectivo fueron tan diversos como las trayectorias de sus miembros: marxismo, semi\u00f3tica, teor\u00eda de la literatura, teatro, cine, arte contempor\u00e1neo, econom\u00eda, historia pol\u00edtica, arquitectura, urbanismo, dise\u00f1o, etc. En sus diez a\u00f1os de oscilante actividad, la editorial tradujo t\u00edtulos de autores como Pier Paolo Pasolini, Galvano Della Volpe, Vs\u00e9volod Meyerhold, Zygmunt Bauman, Henri Lefebvre, Roland Barthes, Vladimir Mayakovski, Noam Chomsky, Corrado Maltese, Viktor Sklovski, George Kubler, Friedrich Antal, Heinrich W\u00f6lfflin o Renato de Fusco; adem\u00e1s de publicar algunos cl\u00e1sicos de autores espa\u00f1oles, como <em>Del arte objetual al arte de concepto<\/em> (1972) del historiador del arte Sim\u00f3n March\u00e1n. En muchos casos, el colectivo firmaba introducciones muy cr\u00edticas con los propios libros que publicaba. Es decir, no se trataba solo de editar aquello con lo que estaban de acuerdo, sino de poner a disposici\u00f3n del p\u00fablico materiales con los que disentir y debatir. Al mismo tiempo, el grupo public\u00f3 art\u00edculos en revistas coet\u00e1neas como <em>Triunfo<\/em>, <em>Cuadernos para el Di\u00e1logo<\/em> o <em>Zona Abierta<\/em> \u2013vinculada en sus inicios al propio Equipo Comunicaci\u00f3n\u2013 sobre cuestiones de actualidad. En la web de nuestro proyecto pueden descargarse todos estos art\u00edculos, as\u00ed como una selecci\u00f3n de sus introducciones.<\/p>\n\n\n\n<p class=\"wp-block-paragraph\">Comunicaci\u00f3n se concibi\u00f3 a s\u00ed mismo como una \u201calternativa cultural\u201d y, en ese sentido, trat\u00f3 de participar de un proceso de cambio social, pol\u00edtico y cultural en unos a\u00f1os en los que fue necesario actualizar los marcos te\u00f3ricos de las ciencias humanas y sociales, as\u00ed como rearticular el campo cultural para transformarlo en una esfera p\u00fablica vibrante, conflictiva y democr\u00e1tica.&nbsp;<\/p>\n\n\n\n<p class=\"wp-block-paragraph\">Web del proyecto de investigaci\u00f3n \u201cEquipo Comunicaci\u00f3n. Edici\u00f3n, cr\u00edtica cultural y antifranquismo, 1969-1979\u201d: <a href=\"https:\/\/proyectocomunicacion.usal.es\">https:\/\/proyectocomunicacion.usal.es<\/a><\/p>\n\n\n\n<p class=\"wp-block-paragraph\">Libro colectivo \u201c<a href=\"https:\/\/www.ucm.es\/ediciones-complutense\/politica-de-imprenta-equipo-comunicacion-una\" data-type=\"link\" data-id=\"https:\/\/www.ucm.es\/ediciones-complutense\/politica-de-imprenta-equipo-comunicacion-una\">Pol\u00edtica de imprenta: Equipo Comunicaci\u00f3n, una alternativa cultural para la transici\u00f3n a la democracia<\/a>\u201d (Juan Albarr\u00e1n y Rosa Ben\u00e9itez (Eds.), Ediciones Complutense, 2026).<\/p>\n\n\n\n<p class=\"wp-block-paragraph\"><\/p>\n\n\n\n<p class=\"wp-block-paragraph\"><\/p>\n","protected":false},"excerpt":{"rendered":"<p>In\u00e9s Molina y Juan Albarr\u00e1n En 2024 iniciamos un proyecto de investigaci\u00f3n que convocaba la experiencia de Equipo Comunicaci\u00f3n (1969-1979) desde sus publicaciones, sus ideas y sus pr\u00e1cticas. [&hellip;]<\/p>\n","protected":false},"author":1,"featured_media":953,"comment_status":"open","ping_status":"open","sticky":false,"template":"","format":"standard","meta":{"_acf_changed":false,"iawp_total_views":0,"footnotes":""},"categories":[1],"tags":[],"class_list":["post-952","post","type-post","status-publish","format-standard","has-post-thumbnail","hentry","category-sin-categoria"],"acf":[],"_links":{"self":[{"href":"https:\/\/archivosociologiacritica.org\/index.php\/wp-json\/wp\/v2\/posts\/952","targetHints":{"allow":["GET"]}}],"collection":[{"href":"https:\/\/archivosociologiacritica.org\/index.php\/wp-json\/wp\/v2\/posts"}],"about":[{"href":"https:\/\/archivosociologiacritica.org\/index.php\/wp-json\/wp\/v2\/types\/post"}],"author":[{"embeddable":true,"href":"https:\/\/archivosociologiacritica.org\/index.php\/wp-json\/wp\/v2\/users\/1"}],"replies":[{"embeddable":true,"href":"https:\/\/archivosociologiacritica.org\/index.php\/wp-json\/wp\/v2\/comments?post=952"}],"version-history":[{"count":3,"href":"https:\/\/archivosociologiacritica.org\/index.php\/wp-json\/wp\/v2\/posts\/952\/revisions"}],"predecessor-version":[{"id":957,"href":"https:\/\/archivosociologiacritica.org\/index.php\/wp-json\/wp\/v2\/posts\/952\/revisions\/957"}],"wp:featuredmedia":[{"embeddable":true,"href":"https:\/\/archivosociologiacritica.org\/index.php\/wp-json\/wp\/v2\/media\/953"}],"wp:attachment":[{"href":"https:\/\/archivosociologiacritica.org\/index.php\/wp-json\/wp\/v2\/media?parent=952"}],"wp:term":[{"taxonomy":"category","embeddable":true,"href":"https:\/\/archivosociologiacritica.org\/index.php\/wp-json\/wp\/v2\/categories?post=952"},{"taxonomy":"post_tag","embeddable":true,"href":"https:\/\/archivosociologiacritica.org\/index.php\/wp-json\/wp\/v2\/tags?post=952"}],"curies":[{"name":"wp","href":"https:\/\/api.w.org\/{rel}","templated":true}]}}