{"id":866,"date":"2026-04-27T12:58:39","date_gmt":"2026-04-27T12:58:39","guid":{"rendered":"https:\/\/archivosociologiacritica.org\/?p=866"},"modified":"2026-04-27T23:51:25","modified_gmt":"2026-04-27T23:51:25","slug":"memorias-y-materiales-en-el-umbral-de-1975","status":"publish","type":"post","link":"https:\/\/archivosociologiacritica.org\/index.php\/2026\/04\/27\/memorias-y-materiales-en-el-umbral-de-1975\/","title":{"rendered":"Memorias y materiales en el umbral de 1975"},"content":{"rendered":"\n<p><br>El pr\u00f3ximo jueves 28 de mayo a las 19:30 h, en marcablanca.press (c\/ manuel noya, 12 en Usera) proponemos un encuentro abierto para poner en com\u00fan ideas, pr\u00e1cticas y deseos en torno a las memorias pol\u00edticas de la transici\u00f3n postfranquista y sus archivos. <br><br>Tomando como punto de entrada las experiencias del Fondo de Lenguajes a la Orilla del R\u00e9gimen (F.L.O.R.)., alojado en La Casa Invisible de M\u00e1laga; la investigaci\u00f3n sobre el <em>Equipo Comunicaci\u00f3n. Edici\u00f3n, cr\u00edtica cultural y antifranquismo, 1969-1979<\/em>,<em> <\/em>desarrollada en<em> <\/em>la Universidad Aut\u00f3noma de Madrid; y el Archivo de Sociolog\u00eda Cr\u00edtica, planteamos una conversaci\u00f3n en torno al campo cultural y sus para-instituciones, como el <em>Centro de Estudios e Investigaci\u00f3n, Sociedad An\u00f3nima<\/em> (m\u00e1s tarde conocido como Escuela Cr\u00edtica de Ciencias Sociales de Madrid), 1965-1970, o la masividad autoeditorial conocida entonces como \u201cprensa marginal\u201d, que sirve de plataforma para agentes culturales e intelectuales in\u00e9ditos en postdictadura. <br><br>A trav\u00e9s de sus distintos rastros en publicaciones formales (como las del Equipo de Comunicaci\u00f3n, el Equipo de Estudios, Ediciones El\u00edas Querejeta, o la colecci\u00f3n <em>Genealog\u00eda del Poder<\/em>, en&nbsp; Ediciones de la Piqueta), pero tambi\u00e9n informes, pasquines y otros materiales menos reglados, revisitamos estas memorias pol\u00edticas y el papel fundamental de estos agentes contraculturales en la modernizaci\u00f3n y&nbsp; re-institucionalizaci\u00f3n de las ciencias sociales y los discursos art\u00edstico-culturales en el umbral de la transici\u00f3n pol\u00edtica. Somos muchas las personas, grupos y colectivos investigando algunas experiencias y figuras concretas, que confluyen en las p\u00e1ginas de revistas como <em>Cuadernos para el Di\u00e1logo<\/em>, <em>Triunfo<\/em>, <em>Andal\u00e1n<\/em>, <em>El Viejo Topo<\/em>, <em>El Ecologista<\/em> y otras publicaciones peri\u00f3dicas, pero cuya memoria colectiva apenas ha sido trabajada de forma conjunta.&nbsp;<br><br>Junto al&nbsp;Archivo de sociolog\u00eda cr\u00edtica, participar\u00e1n&nbsp;In\u00e9s Molina&nbsp;y&nbsp;Juan Albarr\u00e1n.<br><br>Imagen derivada a partir del&nbsp;<a href=\"https:\/\/memoriadelarchivo.ucm.es\/omeka\/exhibits\/show\/el-68-en-la-universidad-de-mad\/item\/164#?c=&amp;m=&amp;s=&amp;cv=&amp;xywh=-22%2C-120%2C738%2C743\" target=\"_blank\" rel=\"noreferrer noopener\">Archivo UCM<\/a>, 1968.<\/p>\n\n\n\n<p><\/p>\n","protected":false},"excerpt":{"rendered":"<p>El pr\u00f3ximo jueves 28 de mayo a las 19:30 h, en marcablanca.press (c\/ manuel noya, 12 en Usera) proponemos un encuentro abierto para poner en com\u00fan ideas, pr\u00e1cticas [&hellip;]<\/p>\n","protected":false},"author":1,"featured_media":867,"comment_status":"open","ping_status":"open","sticky":false,"template":"","format":"standard","meta":{"_acf_changed":false,"iawp_total_views":14,"footnotes":""},"categories":[96],"tags":[],"class_list":["post-866","post","type-post","status-publish","format-standard","has-post-thumbnail","hentry","category-actividades"],"acf":[],"_links":{"self":[{"href":"https:\/\/archivosociologiacritica.org\/index.php\/wp-json\/wp\/v2\/posts\/866","targetHints":{"allow":["GET"]}}],"collection":[{"href":"https:\/\/archivosociologiacritica.org\/index.php\/wp-json\/wp\/v2\/posts"}],"about":[{"href":"https:\/\/archivosociologiacritica.org\/index.php\/wp-json\/wp\/v2\/types\/post"}],"author":[{"embeddable":true,"href":"https:\/\/archivosociologiacritica.org\/index.php\/wp-json\/wp\/v2\/users\/1"}],"replies":[{"embeddable":true,"href":"https:\/\/archivosociologiacritica.org\/index.php\/wp-json\/wp\/v2\/comments?post=866"}],"version-history":[{"count":2,"href":"https:\/\/archivosociologiacritica.org\/index.php\/wp-json\/wp\/v2\/posts\/866\/revisions"}],"predecessor-version":[{"id":869,"href":"https:\/\/archivosociologiacritica.org\/index.php\/wp-json\/wp\/v2\/posts\/866\/revisions\/869"}],"wp:featuredmedia":[{"embeddable":true,"href":"https:\/\/archivosociologiacritica.org\/index.php\/wp-json\/wp\/v2\/media\/867"}],"wp:attachment":[{"href":"https:\/\/archivosociologiacritica.org\/index.php\/wp-json\/wp\/v2\/media?parent=866"}],"wp:term":[{"taxonomy":"category","embeddable":true,"href":"https:\/\/archivosociologiacritica.org\/index.php\/wp-json\/wp\/v2\/categories?post=866"},{"taxonomy":"post_tag","embeddable":true,"href":"https:\/\/archivosociologiacritica.org\/index.php\/wp-json\/wp\/v2\/tags?post=866"}],"curies":[{"name":"wp","href":"https:\/\/api.w.org\/{rel}","templated":true}]}}