{"id":754,"date":"2026-01-25T12:49:50","date_gmt":"2026-01-25T12:49:50","guid":{"rendered":"https:\/\/archivosociologiacritica.org\/?p=754"},"modified":"2026-01-25T17:12:59","modified_gmt":"2026-01-25T17:12:59","slug":"presentacion-y-recursos-historia-del-consumo-en-la-espana-contemporanea-1973-2020-de-fernando-conde","status":"publish","type":"post","link":"https:\/\/archivosociologiacritica.org\/index.php\/2026\/01\/25\/presentacion-y-recursos-historia-del-consumo-en-la-espana-contemporanea-1973-2020-de-fernando-conde\/","title":{"rendered":"Presentaci\u00f3n y recursos: \u00abHistoria del consumo en la Espa\u00f1a contempor\u00e1nea (1973-2020)\u00bb de Fernando Conde"},"content":{"rendered":"\n<p>El pasado 29 de octubre tuvimos el placer de acoger, en el marco de la <a href=\"https:\/\/archivosociologiacritica.org\/index.php\/2025\/12\/11\/grabaciones-completas-jornada-archivo-de-sociologia-critica-29-de-octubre\/\">I Jornada en torno al Archivo de Sociolog\u00eda Cr\u00edtica<\/a>, la presentaci\u00f3n del libro&nbsp;<strong>\u00abHistoria del consumo en la Espa\u00f1a contempor\u00e1nea (1973-2020). Desde la crisis del petr\u00f3leo a la pandemia de la COVID-19\u00bb<\/strong> a cargo de su autor, el soci\u00f3logo&nbsp;<strong>Fernando Conde Guti\u00e9rrez del \u00c1lamo<\/strong>. Asimismo, nos gustar\u00eda extender nuestro agradecimiento a Luis Enrique Alonso por la introducci\u00f3n y moderaci\u00f3n del coloquio.<\/p>\n\n\n\n<p>\u00abHistoria del consumo en la Espa\u00f1a contempor\u00e1nea (1973-2020)\u00bb pertenece a la\u00a0colecci\u00f3n: <strong>Cultura &amp; sociedad digital (n\u00ba4)<\/strong>, y realiza un recorrido sociol\u00f3gico e hist\u00f3rico fundamental para comprender la transformaci\u00f3n de la sociedad espa\u00f1ola en las \u00faltimas cinco d\u00e9cadas. A trav\u00e9s del prisma del consumo, Fernando Conde analiza la evoluci\u00f3n de los estilos de vida, las desigualdades, las identidades y los impactos de las sucesivas crisis, trazando un mapa imprescindible desde los a\u00f1os del desarrollo hasta la era digital y la pandemia. Puedes adquirir el libro a trav\u00e9s de la <a href=\"https:\/\/puv.uv.es\/historia-del-consumo-en-la-espa-a-contemporanea-1973-2020.html?___store=espanyol&amp;___from_store=valencia\" data-type=\"link\" data-id=\"https:\/\/puv.uv.es\/historia-del-consumo-en-la-espa-a-contemporanea-1973-2020.html?___store=espanyol&amp;___from_store=valencia\">p\u00e1gina web del PUV<\/a>, el sello editorial de la Universitat de Val\u00e8ncia.<\/p>\n\n\n\n<p>A continuaci\u00f3n compartimos 3 materiales: <strong><a href=\"http:\/\/youtube.com\/watch?v=MsXvv2F1CeM&amp;embeds_referring_euri=https%3A%2F%2Farchivosociologiacritica.org%2F&amp;source_ve_path=OTY3MTQ\">acceso al v\u00eddeo de la presentaci\u00f3n del libro<\/a><\/strong>, <a href=\"https:\/\/archivosociologiacritica.org\/wp-content\/uploads\/2026\/01\/Presentacion-Modelos-de-Consumo-2025.pdf\" data-type=\"link\" data-id=\"https:\/\/archivosociologiacritica.org\/wp-content\/uploads\/2026\/01\/Presentacion-Modelos-de-Consumo-2025.pdf\"><strong>la presentaci\u00f3n que utiliz\u00f3 el autor <\/strong>en su exposici\u00f3n<\/a> y, finalmente, un recurso fundamental para las personas interesadas en la obra: <a href=\"https:\/\/archivosociologiacritica.org\/wp-content\/uploads\/2026\/01\/Gr_ficos-e-im_genes-Libro-Historia-del-Consumo.-2024.pptx\"><strong>313 Im\u00e1genes (gr\u00e1ficos, tablas, esquemas&#8230;) de la publicaci\u00f3n en un formato de mayor resoluci\u00f3n y calidad.<\/strong><\/a><\/p>\n\n\n\n<figure class=\"wp-block-image size-large\"><img fetchpriority=\"high\" decoding=\"async\" width=\"1024\" height=\"349\" src=\"https:\/\/archivosociologiacritica.org\/wp-content\/uploads\/2026\/01\/ejemplo-1024x349.png\" alt=\"\" class=\"wp-image-761\" srcset=\"https:\/\/archivosociologiacritica.org\/wp-content\/uploads\/2026\/01\/ejemplo-1024x349.png 1024w, https:\/\/archivosociologiacritica.org\/wp-content\/uploads\/2026\/01\/ejemplo-300x102.png 300w, https:\/\/archivosociologiacritica.org\/wp-content\/uploads\/2026\/01\/ejemplo-768x262.png 768w, https:\/\/archivosociologiacritica.org\/wp-content\/uploads\/2026\/01\/ejemplo-1536x524.png 1536w, https:\/\/archivosociologiacritica.org\/wp-content\/uploads\/2026\/01\/ejemplo-1320x450.png 1320w, https:\/\/archivosociologiacritica.org\/wp-content\/uploads\/2026\/01\/ejemplo.png 1610w\" sizes=\"(max-width: 1024px) 100vw, 1024px\" \/><\/figure>\n\n\n\n<p class=\"has-text-align-left\"><strong>Ficha t\u00e9cnica:<\/strong><\/p>\n\n\n\n<ul class=\"wp-block-list\">\n<li><strong>T\u00edtulo:<\/strong>&nbsp;Historia del consumo en la Espa\u00f1a contempor\u00e1nea (1973-2020)<\/li>\n\n\n\n<li><strong>Subt\u00edtulo:<\/strong>&nbsp;Desde la crisis del petr\u00f3leo a la pandemia de la COVID-19<\/li>\n\n\n\n<li><strong>Autor:<\/strong>&nbsp;Fernando Conde Guti\u00e9rrez del \u00c1lamo<\/li>\n\n\n\n<li><strong>Editorial:<\/strong> Publicacions de la Universitat de Val\u00e8ncia.<\/li>\n\n\n\n<li><strong>Colecci\u00f3n:<\/strong>&nbsp;Cultura &amp; sociedad digital, 4<\/li>\n\n\n\n<li><strong>ISBN:<\/strong>&nbsp;978-84-1118-566-0<\/li>\n\n\n\n<li><strong>Materias:<\/strong>&nbsp;Historia, Sociolog\u00eda, Pol\u00edtica.<\/li>\n<\/ul>\n\n\n\n<p><\/p>\n","protected":false},"excerpt":{"rendered":"<p>El pasado 29 de octubre tuvimos el placer de acoger, en el marco de la I Jornada en torno al Archivo de Sociolog\u00eda Cr\u00edtica, la presentaci\u00f3n del libro&nbsp;\u00abHistoria [&hellip;]<\/p>\n","protected":false},"author":1,"featured_media":768,"comment_status":"closed","ping_status":"open","sticky":false,"template":"","format":"standard","meta":{"_acf_changed":false,"iawp_total_views":106,"footnotes":""},"categories":[96,8],"tags":[24,60,17],"class_list":["post-754","post","type-post","status-publish","format-standard","has-post-thumbnail","hentry","category-actividades","category-blog","tag-consumo","tag-fernando-conde","tag-sociologia-critica"],"acf":[],"_links":{"self":[{"href":"https:\/\/archivosociologiacritica.org\/index.php\/wp-json\/wp\/v2\/posts\/754","targetHints":{"allow":["GET"]}}],"collection":[{"href":"https:\/\/archivosociologiacritica.org\/index.php\/wp-json\/wp\/v2\/posts"}],"about":[{"href":"https:\/\/archivosociologiacritica.org\/index.php\/wp-json\/wp\/v2\/types\/post"}],"author":[{"embeddable":true,"href":"https:\/\/archivosociologiacritica.org\/index.php\/wp-json\/wp\/v2\/users\/1"}],"replies":[{"embeddable":true,"href":"https:\/\/archivosociologiacritica.org\/index.php\/wp-json\/wp\/v2\/comments?post=754"}],"version-history":[{"count":6,"href":"https:\/\/archivosociologiacritica.org\/index.php\/wp-json\/wp\/v2\/posts\/754\/revisions"}],"predecessor-version":[{"id":765,"href":"https:\/\/archivosociologiacritica.org\/index.php\/wp-json\/wp\/v2\/posts\/754\/revisions\/765"}],"wp:featuredmedia":[{"embeddable":true,"href":"https:\/\/archivosociologiacritica.org\/index.php\/wp-json\/wp\/v2\/media\/768"}],"wp:attachment":[{"href":"https:\/\/archivosociologiacritica.org\/index.php\/wp-json\/wp\/v2\/media?parent=754"}],"wp:term":[{"taxonomy":"category","embeddable":true,"href":"https:\/\/archivosociologiacritica.org\/index.php\/wp-json\/wp\/v2\/categories?post=754"},{"taxonomy":"post_tag","embeddable":true,"href":"https:\/\/archivosociologiacritica.org\/index.php\/wp-json\/wp\/v2\/tags?post=754"}],"curies":[{"name":"wp","href":"https:\/\/api.w.org\/{rel}","templated":true}]}}