{"id":65,"date":"2023-11-10T14:31:36","date_gmt":"2023-11-10T14:31:36","guid":{"rendered":"https:\/\/archivosociologiacritica.org\/?p=65"},"modified":"2025-12-07T15:42:36","modified_gmt":"2025-12-07T15:42:36","slug":"angel-de-lucas-sobre-el-grupo-de-discusion-pie-ucm-1999","status":"publish","type":"post","link":"https:\/\/archivosociologiacritica.org\/index.php\/2023\/11\/10\/angel-de-lucas-sobre-el-grupo-de-discusion-pie-ucm-1999\/","title":{"rendered":"\u00c1ngel de Lucas sobre el grupo de discusi\u00f3n (PIE-UCM-1999)"},"content":{"rendered":"\n<p>En este primer programa, podremos escuchar la entrevista que realiza Miguel S. Valles a <a href=\"https:\/\/es.wikipedia.org\/wiki\/%C3%81ngel_de_Lucas\">\u00c1ngel de Lucas Matilla<\/a>, dentro del proyecto de Innovaci\u00f3n Educativa de la UCM realizado en 1999, a prop\u00f3sito de la pr\u00e1ctica del grupo de discusi\u00f3n. La entrevista se realiz\u00f3 el 14 de marzo del 2000 en el Laboratorio de T\u00e9cnicas Cualitativas de la facultad de Ciencias Pol\u00edticas y Sociolog\u00eda. Agradecemos al equipo del PIE y a la UCM su autorizaci\u00f3n para la difusi\u00f3n.<br><\/p>\n\n\n\n<p>Visualiza el v\u00eddeo en nuestro canal de youtube: <\/p>\n\n\n\n<iframe width=\"560\" height=\"315\" src=\"https:\/\/www.youtube.com\/embed\/d6TLmPVaSBE?si=dzSJ452xSt0j-Zdk\" title=\"YouTube video player\" frameborder=\"0\" allow=\"accelerometer; autoplay; clipboard-write; encrypted-media; gyroscope; picture-in-picture; web-share\" allowfullscreen><\/iframe>\n\n\n\n<p>Escucha el audio en Spotify<\/p>\n\n\n\n<iframe style=\"border-radius:12px\" src=\"https:\/\/open.spotify.com\/embed\/episode\/11SML9kctr9hgPET6AzYfR?utm_source=generator\" width=\"100%\" height=\"352\" frameBorder=\"0\" allowfullscreen=\"\" allow=\"autoplay; clipboard-write; encrypted-media; fullscreen; picture-in-picture\" loading=\"lazy\"><\/iframe>\n\n\n\n<p>Escucha el audio en SounfCloud<\/p>\n\n\n\n<iframe width=\"100%\" height=\"300\" scrolling=\"no\" frameborder=\"no\" allow=\"autoplay\" src=\"https:\/\/w.soundcloud.com\/player\/?url=https%3A\/\/api.soundcloud.com\/tracks\/soundcloud%253Atracks%253A1661226882&#038;color=%23ff5500&#038;auto_play=false&#038;hide_related=false&#038;show_comments=true&#038;show_user=true&#038;show_reposts=false&#038;show_teaser=true&#038;visual=true\"><\/iframe><div style=\"font-size: 10px; color: #cccccc;line-break: anywhere;word-break: normal;overflow: hidden;white-space: nowrap;text-overflow: ellipsis; font-family: Interstate,Lucida Grande,Lucida Sans Unicode,Lucida Sans,Garuda,Verdana,Tahoma,sans-serif;font-weight: 100;\"><a href=\"https:\/\/soundcloud.com\/archivosociologiacritica\" title=\"Archivo de Sociolog\u00eda Cr\u00edtica\" target=\"_blank\" style=\"color: #cccccc; text-decoration: none;\">Archivo de Sociolog\u00eda Cr\u00edtica<\/a> \u00b7 <a href=\"https:\/\/soundcloud.com\/archivosociologiacritica\/angel-lucas-sobre-el-grupo-de-discusion-pie-ucm-1999\" title=\"\u00c1ngel Lucas sobre el Grupo de Discusi\u00f3n (PIE UCM 1999)\" target=\"_blank\" style=\"color: #cccccc; text-decoration: none;\">\u00c1ngel Lucas sobre el Grupo de Discusi\u00f3n (PIE UCM 1999)<\/a><\/div>\n\n\n\n<div class=\"wp-block-columns is-layout-flex wp-container-core-columns-is-layout-9d6595d7 wp-block-columns-is-layout-flex\">\n<div class=\"wp-block-column is-layout-flow wp-block-column-is-layout-flow\">\n<figure class=\"wp-block-image size-large is-resized\"><img fetchpriority=\"high\" decoding=\"async\" width=\"1024\" height=\"942\" src=\"https:\/\/archivosociologiacritica.org\/wp-content\/uploads\/2023\/11\/UCM-Logo-2-1024x942.png\" alt=\"\" class=\"wp-image-70\" style=\"width:205px;height:auto\" srcset=\"https:\/\/archivosociologiacritica.org\/wp-content\/uploads\/2023\/11\/UCM-Logo-2-1024x942.png 1024w, https:\/\/archivosociologiacritica.org\/wp-content\/uploads\/2023\/11\/UCM-Logo-2-300x276.png 300w, https:\/\/archivosociologiacritica.org\/wp-content\/uploads\/2023\/11\/UCM-Logo-2-768x706.png 768w, https:\/\/archivosociologiacritica.org\/wp-content\/uploads\/2023\/11\/UCM-Logo-2.png 1181w\" sizes=\"(max-width: 1024px) 100vw, 1024px\" \/><\/figure>\n<\/div>\n\n\n\n<div class=\"wp-block-column is-layout-flow wp-block-column-is-layout-flow\">\n<p>Agradecemos a la Universidad Complutense de Madrid por la financiaci\u00f3n en su momento del proyecto (Proyecto de Innovaci\u00f3n Educativa, 1999) y la autorizaci\u00f3n para la difusi\u00f3n. As\u00ed mismo a las diferentes personas que participaron en el proyecto, tanto al profesorado que realiza las distintas entrevistas como a las personas que accedieron a compartir su visi\u00f3n sobre el Grupo de Discusi\u00f3n.<\/p>\n<\/div>\n<\/div>\n","protected":false},"excerpt":{"rendered":"<p>En este primer programa, podremos escuchar la entrevista que realiza Miguel S. Valles a \u00c1ngel de Lucas Matilla, dentro del proyecto de Innovaci\u00f3n Educativa de la UCM realizado [&hellip;]<\/p>\n","protected":false},"author":1,"featured_media":415,"comment_status":"closed","ping_status":"open","sticky":false,"template":"","format":"standard","meta":{"_acf_changed":false,"iawp_total_views":130,"footnotes":""},"categories":[3],"tags":[27,10,13,12,9],"class_list":["post-65","post","type-post","status-publish","format-standard","has-post-thumbnail","hentry","category-audiovisual","tag-27","tag-angel-de-lucas","tag-archivo_podcast","tag-grupo-de-discusion","tag-pie_ucm_1999"],"acf":[],"_links":{"self":[{"href":"https:\/\/archivosociologiacritica.org\/index.php\/wp-json\/wp\/v2\/posts\/65","targetHints":{"allow":["GET"]}}],"collection":[{"href":"https:\/\/archivosociologiacritica.org\/index.php\/wp-json\/wp\/v2\/posts"}],"about":[{"href":"https:\/\/archivosociologiacritica.org\/index.php\/wp-json\/wp\/v2\/types\/post"}],"author":[{"embeddable":true,"href":"https:\/\/archivosociologiacritica.org\/index.php\/wp-json\/wp\/v2\/users\/1"}],"replies":[{"embeddable":true,"href":"https:\/\/archivosociologiacritica.org\/index.php\/wp-json\/wp\/v2\/comments?post=65"}],"version-history":[{"count":7,"href":"https:\/\/archivosociologiacritica.org\/index.php\/wp-json\/wp\/v2\/posts\/65\/revisions"}],"predecessor-version":[{"id":632,"href":"https:\/\/archivosociologiacritica.org\/index.php\/wp-json\/wp\/v2\/posts\/65\/revisions\/632"}],"wp:featuredmedia":[{"embeddable":true,"href":"https:\/\/archivosociologiacritica.org\/index.php\/wp-json\/wp\/v2\/media\/415"}],"wp:attachment":[{"href":"https:\/\/archivosociologiacritica.org\/index.php\/wp-json\/wp\/v2\/media?parent=65"}],"wp:term":[{"taxonomy":"category","embeddable":true,"href":"https:\/\/archivosociologiacritica.org\/index.php\/wp-json\/wp\/v2\/categories?post=65"},{"taxonomy":"post_tag","embeddable":true,"href":"https:\/\/archivosociologiacritica.org\/index.php\/wp-json\/wp\/v2\/tags?post=65"}],"curies":[{"name":"wp","href":"https:\/\/api.w.org\/{rel}","templated":true}]}}